{"id":1490,"date":"2020-11-16T13:27:00","date_gmt":"2020-11-16T13:27:00","guid":{"rendered":"http:\/\/horizon.peachpuff-wolverine-566518.hostingersite.com\/?p=1490"},"modified":"2020-11-16T13:27:48","modified_gmt":"2020-11-16T13:27:48","slug":"qa-talking-about-the-race-for-a-coronavirus-vaccine-could-reduce-public-confidence","status":"publish","type":"post","link":"https:\/\/scienceblog.com\/horizon\/1490\/qa-talking-about-the-race-for-a-coronavirus-vaccine-could-reduce-public-confidence\/","title":{"rendered":"Q&amp;A: Talking about the \u2018race\u2019 for a coronavirus vaccine could reduce public confidence"},"content":{"rendered":"<div class=\"field field-name-field-header field-type-text-long field-label-hidden\">\n<div class=\"field-items\">\n<div class=\"field-item even\">\n<p class=\"selectionShareable\"><strong>Efforts to achieve herd immunity against Covid-19 with a vaccine could be hampered by low levels of confidence in immunisation programs in some European countries, warns Professor Heidi Larson, director of the\u00a0<\/strong><a href=\"https:\/\/www.vaccineconfidence.org\/\" target=\"_blank\" rel=\"noopener noreferrer\"><strong>Vaccine Confidence Project<\/strong><\/a><strong>\u00a0and an anthropologist at the London School of Hygiene &amp; Tropical Medicine, in the UK.<\/strong><\/p>\n<\/div>\n<\/div>\n<\/div>\n<div class=\"field field-name-body field-type-text-with-summary field-label-hidden\">\n<div class=\"field-items\">\n<div class=\"field-item even\">\n<p class=\"selectionShareable\">Surveys conducted by the project during the pandemic suggest many people are still unsure about the safety of potential Covid-19 vaccines and how effective they will be. Prof. Larson believes a more open and honest discussion is needed with the public to answer questions they might have.<\/p>\n<p class=\"selectionShareable\"><strong>What is vaccine confidence?<\/strong><\/p>\n<p class=\"selectionShareable\">About two decades ago, immunisation programmes in different corners of the world started seeing more people refusing to have vaccines for various reasons, some of which had actually been brewing over weeks, months and even years. It was a growing challenge because individuals, communities and even government leaders were questioning whether to take vaccines.<\/p>\n<p class=\"selectionShareable\">But they are not simply divided into people who are pro-vaccines and those who are against \u2013 there are a lot of people in the middle who are not sure, they might take some but not others. The World Health Organization framed this as \u2018vaccine hesitancy\u2019. What we didn\u2019t have was any data about how much of a problem it was, so our (vaccine confidence) index is trying to anticipate people\u2019s willingness to take a vaccine by measuring their confidence in (vaccines).<\/p>\n<p class=\"selectionShareable\"><strong>What determines people\u2019s confidence in vaccines?<\/strong><\/p>\n<p class=\"selectionShareable\">We live in a world now where people have so much information at their fingertips. (This) means rumours can get going around certain vaccines. People look at the ingredients or there might be suspected adverse events connected to a vaccine. With some like the HPV vaccine, because it is given to adolescent girls, it has implications for sexual behaviour that people disagree with. Each vaccine is different and so are the things that concern people. In some cases, it has more to do with public trust in the government or the health authorities. There are some people who have broader philosophical or religious reasons for not wanting a vaccine, or object to things that are compulsory because they just don\u2019t like being told what to do. But we also shouldn\u2019t dismiss the fact that there are also increasingly highly organised anti-vaccine movements that are just as interested in disrupting society as they are in caring about vaccines.<\/p>\n<div class=\"dynamic_article_image_bloc\">\n<figure style=\"width: 2262px\" class=\"wp-caption alignnone\"><img loading=\"lazy\" decoding=\"async\" src=\"https:\/\/horizon-media.s3-eu-west-1.amazonaws.com\/s3fs-public\/IMCEUpload\/larson-head_shot_sm.jpg\" alt=\"The medical community needs to be responsive to people's concerns about vaccines or it risks alienating people, according to Prof. Larson. Image credit - Heidi Larson\" width=\"2272\" height=\"2167\" \/><figcaption class=\"wp-caption-text\">The medical community needs to be responsive to people&#8217;s concerns about vaccines or it risks alienating people, according to Prof. Larson. Image credit &#8211; Heidi Larson<\/figcaption><\/figure>\n<\/div>\n<p class=\"selectionShareable\"><strong>Are you seeing similar concerns around the race to produce a Covid-19 vaccine?<\/strong><\/p>\n<p class=\"selectionShareable\">One of the problems is that it is being framed as a race. It is a race against time in a sense, but there is also this sense that it is being developed too quickly, and that it is this company against that company. There is some scepticism that the vaccines might be fast-tracked for political reasons. Some people also feel like a vaccine will really just benefit big business. But the public is most concerned about vaccine effectiveness and the risk of side effects, which have a big influence on vaccine acceptance. Some people are genuinely concerned about how new the vaccines are, and they want to wait to let other people try it.<\/p>\n<p class=\"selectionShareable\"><strong>Has confidence in a Covid-19 vaccine changed during the pandemic?<\/strong><\/p>\n<p class=\"selectionShareable\">People\u2019s willingness to have a vaccine changes depending on how at risk they feel. In our surveys that we have been running in different countries we saw this. At the end of March,\u00a0<a href=\"https:\/\/orb-international.com\/wp-content\/uploads\/2020\/05\/ORB-Intl-COVID-Tracker-Week-11-Charts.pdf\" target=\"_blank\" rel=\"noopener noreferrer\">only 7% of the representative sample in the UK<\/a>, for example, said they would definitely not take a Covid-19 vaccine. That number\u00a0<a href=\"https:\/\/orb-international.com\/2020\/09\/12\/covid-19-uk-perceptions-and-behaviours-september-update\/\">went up to 14% by the end of the summer<\/a>, so that\u2019s a doubling in the number of people saying they would not take a vaccine.<\/p>\n<p class=\"selectionShareable\">But it reflects the state of the pandemic. In March and April, that was the peak of the deaths we were seeing being recorded, so people\u2019s motivation and openness to a vaccine was understandably a bit higher.<\/p>\n<p class=\"selectionShareable\"><strong>What is it like in other countries?<\/strong><\/p>\n<p class=\"selectionShareable\">We are seeing parallels between the background confidence in other vaccines and willingness to take a Covid-19 vaccine, but it also depends on how much of a threat the disease is in each country.<\/p>\n<p class=\"selectionShareable\">France has some of the lowest acceptance levels \u2013 some colleagues at the French National Institute of Health and Medical Research (Inserm) did a survey for us and found\u00a0<a href=\"https:\/\/www.thelancet.com\/journals\/laninf\/article\/PIIS1473-3099(20)30426-6\/fulltext\" target=\"_blank\" rel=\"noopener noreferrer\">26% said they would not want a vaccine<\/a>. I was not too surprised at that because in our multiple waves of vaccine confidence monitoring in 149 countries around the world, the French have the lowest index in confidence in the world. In Germany, 9% said they would refuse a Covid-19 vaccine while 20% said they wouldn\u2019t have it in Switzerland and in Austria it was 18%.<\/p>\n<div class=\"quote-view quotesBlock quote_horizontal\">\n<blockquote>\n<p class=\"selectionShareable\">\u2018But they are not simply divided into people who are pro-vaccines and those who are against \u2013 there are a lot of people in the middle who are not sure, they might take some but not others.\u2019<\/p>\n<p class=\"selectionShareable\">Prof. Heidi Larson, Vaccine Confidence Project<\/p>\n<\/blockquote>\n<\/div>\n<p class=\"selectionShareable\"><strong>What impact could this have?<\/strong><\/p>\n<p class=\"selectionShareable\">It is a problem for herd immunity. I\u2019m hearing most consistently that we will need 60%-70% vaccine uptake to get herd immunity. We are barely there in many countries in terms of willingness.<\/p>\n<p class=\"selectionShareable\">Individuals who are immunised will get the protection a vaccine offers, but you won\u2019t get the additional population benefits if not enough people are vaccinated.<\/p>\n<p class=\"selectionShareable\">We don\u2019t even have a vaccine yet, and there are real questions about whether we will be able to make enough at first, so reaching that 70% is going to be difficult. We will need to be very strategic \u2013 target frontline health workers and those who are most at risk.<\/p>\n<p class=\"selectionShareable\"><strong>Why is confidence in vaccines so low in some countries?<\/strong><\/p>\n<p class=\"selectionShareable\">In France there is a long history of erosion of trust between the public and the government. It dates back to\u00a0<a href=\"https:\/\/ecpr.eu\/Filestore\/PaperProposal\/3e29504d-669b-4a57-8261-22785b08d809.pdf\" target=\"_blank\" rel=\"noopener noreferrer\">HIV being found in one of the government blood banks<\/a>\u00a0(in 1991) and the public were not informed (soon enough). That was also around the time when there were suspicions that the hepatitis B vaccine was having side effects (that it might be increasing the risk of) multiple sclerosis. This was completely investigated and there was no evidence of any connection, but the (French) minister of health at the time, because of the public panic, stopped the hepatitis B vaccination programme in schools against WHO advice. There was also a lot of anger in 2009 around the H1N1 flu vaccine, because some in the public felt the government bought too many because it was\u00a0(too close to) big business.<\/p>\n<p class=\"selectionShareable\">Trust is a really important issue. Recently, in the Philippines, there was a (newly identified risk for)<a href=\"https:\/\/www.thelancet.com\/journals\/lancet\/article\/PIIS0140-6736(19)32525-5\/fulltext\" target=\"_blank\" rel=\"noopener noreferrer\">\u00a0a new dengue vaccine<\/a>\u00a0that became quite politicised. People lost trust in the entire system \u2013 they not only didn\u2019t take the dengue vaccine, but they didn\u2019t take measles vaccines and stopped their children from getting deworming vaccines.<\/p>\n<p class=\"selectionShareable\"><strong>How can confidence in vaccines be improved?<\/strong><\/p>\n<p class=\"selectionShareable\">We have to be really careful to recognise that just because someone is asking questions, they shouldn\u2019t be dismissed or lumped into this &#8216;anti-vaccine&#8217; group. It is perfectly legitimate and responsible to be asking questions. A lot of the young mothers who come to me say that they (should have) more empathy from the medical community.<\/p>\n<p class=\"selectionShareable\">And if we aren\u2019t responsive to public concerns, and don\u2019t have more of a listening ear, there can be broader societal effects of alienating people. If experts only talk about numbers, it can appear like they don\u2019t have feelings. We need to be honest and have a more human face in the way information about vaccines is offered.<\/p>\n<p class=\"selectionShareable\"><strong>Is it possible to reach those who have strong beliefs and objections?<\/strong><\/p>\n<p class=\"selectionShareable\">This isn\u2019t really new. In the 1800s, the first anti-vaccine movement in the world was in the UK after it made the smallpox vaccine mandatory. People felt it wasn\u2019t natural or \u2018against God\u2019s plan\u2019. We see similar things today with the pro-nature movement. It is a deep-seated part of the lifestyle among a number of young mothers who are not taking contraceptives, are going gluten free, having home births.<\/p>\n<p class=\"selectionShareable\">And there is no reason why one has to exclude the other. We just need to find an area where the conversation can take place. The reality is that vaccines actually trigger our natural immune system.<\/p>\n<p class=\"selectionShareable\"><strong>Where can people get reliable advice about Covid-19 vaccines when they are ready?<\/strong><\/p>\n<p class=\"selectionShareable\">The reality is that scientists are learning as much as the public at the moment. I would say it is better to rely upon known credible sources like universities, public health authorities, the WHO. One of my favourite sources of information is the\u00a0<a href=\"https:\/\/www.vaccinesafetynet.org\/\" target=\"_blank\" rel=\"noopener noreferrer\">Vaccine Safety Net<\/a>\u00a0\u2013 it is a really good resource of websites that provide reliable information. You might not find everything you want, but it is a great place to start.<\/p>\n<p class=\"selectionShareable\"><em>Prof. Larson\u2019s new book,\u00a0<\/em><a href=\"https:\/\/global.oup.com\/academic\/product\/stuck-9780190077242?cc=us&amp;lang=en\" target=\"_blank\" rel=\"noopener noreferrer\"><em>Stuck: How Vaccine Rumors Start \u2013 and Why They Don\u2019t Go Away<\/em><\/a><em>\u00a0examines vaccine confidence and what dwindling vaccine uptake could mean for human health the long term.<\/em><\/p>\n<div><em>Prof. Larson is director of the Vaccine Confidence Project, which has received EU and Innovative Medicines Initiative funding, for two projects:\u00a0<u><a title=\"https:\/\/horizon-magazine.eu\/article\/rise-vaccine-hesitancy-related-pursuit-purity-prof-heidi-larson.html\" href=\"https:\/\/horizon-magazine.eu\/article\/rise-vaccine-hesitancy-related-pursuit-purity-prof-heidi-larson.html\" target=\"_blank\" rel=\"noopener noreferrer\">ADVANCE and EBODAC<\/a><\/u>. In 2018 she co-authored the\u00a0<u><a title=\"https:\/\/ec.europa.eu\/health\/sites\/health\/files\/vaccination\/docs\/2018_vaccine_confidence_en.pdf\" href=\"https:\/\/ec.europa.eu\/health\/sites\/health\/files\/vaccination\/docs\/2018_vaccine_confidence_en.pdf\" target=\"_blank\" rel=\"noopener noreferrer\">State of Vaccine Confidence in the EU 2018<\/a><\/u>\u00a0report and is co-author of the up-coming 2020 report for the European Commission.\u00a0If you liked this article, please consider sharing it on social media.<\/em><\/div>\n<\/div>\n<\/div>\n<\/div>\n<div><\/div>\n<div><em>Published by <a href=\"https:\/\/horizon-magazine.eu\/\">Horizon<\/a>\u00a0<\/em><\/div>\n","protected":false},"excerpt":{"rendered":"<p>Efforts to achieve herd immunity against Covid-19 with a vaccine could be hampered by low levels of confidence in immunisation programs in some European countries, warns Professor Heidi Larson, director of the\u00a0Vaccine Confidence Project\u00a0and an anthropologist at the London School of Hygiene &amp; Tropical Medicine, in the UK. Surveys conducted by the project during the &#8230; <a title=\"Q&amp;A: Talking about the \u2018race\u2019 for a coronavirus vaccine could reduce public confidence\" class=\"read-more\" href=\"https:\/\/scienceblog.com\/horizon\/1490\/qa-talking-about-the-race-for-a-coronavirus-vaccine-could-reduce-public-confidence\/\" aria-label=\"Read more about Q&amp;A: Talking about the \u2018race\u2019 for a coronavirus vaccine could reduce public confidence\">Read more<\/a><\/p>\n","protected":false},"author":322,"featured_media":1491,"comment_status":"closed","ping_status":"closed","sticky":false,"template":"","format":"standard","meta":{"generate_page_header":"","jetpack_post_was_ever_published":false,"_jetpack_newsletter_access":"","_jetpack_dont_email_post_to_subs":false,"_jetpack_newsletter_tier_id":0,"_jetpack_memberships_contains_paywalled_content":false,"_jetpack_memberships_contains_paid_content":false,"footnotes":""},"categories":[12],"tags":[],"class_list":["post-1490","post","type-post","status-publish","format-standard","has-post-thumbnail","hentry","category-health"],"yoast_head":"<!-- This site is optimized with the Yoast SEO Premium plugin v27.4 (Yoast SEO v27.4) - https:\/\/yoast.com\/product\/yoast-seo-premium-wordpress\/ -->\n<title>Q&amp;A: Talking about the \u2018race\u2019 for a coronavirus vaccine could reduce public confidence - Horizon Magazine Blog<\/title>\n<meta name=\"robots\" content=\"index, follow, max-snippet:-1, max-image-preview:large, max-video-preview:-1\" \/>\n<link rel=\"canonical\" href=\"https:\/\/scienceblog.com\/horizon\/1490\/qa-talking-about-the-race-for-a-coronavirus-vaccine-could-reduce-public-confidence\/\" \/>\n<meta property=\"og:locale\" content=\"en_US\" \/>\n<meta property=\"og:type\" content=\"article\" \/>\n<meta property=\"og:title\" content=\"Q&amp;A: Talking about the \u2018race\u2019 for a coronavirus vaccine could reduce public confidence\" \/>\n<meta property=\"og:description\" content=\"Efforts to achieve herd immunity against Covid-19 with a vaccine could be hampered by low levels of confidence in immunisation programs in some European countries, warns Professor Heidi Larson, director of the\u00a0Vaccine Confidence Project\u00a0and an anthropologist at the London School of Hygiene &amp; Tropical Medicine, in the UK. Surveys conducted by the project during the ... Read more\" \/>\n<meta property=\"og:url\" content=\"https:\/\/scienceblog.com\/horizon\/1490\/qa-talking-about-the-race-for-a-coronavirus-vaccine-could-reduce-public-confidence\/\" \/>\n<meta property=\"og:site_name\" content=\"Horizon Magazine Blog\" \/>\n<meta property=\"article:published_time\" content=\"2020-11-16T13:27:00+00:00\" \/>\n<meta property=\"article:modified_time\" content=\"2020-11-16T13:27:48+00:00\" \/>\n<meta property=\"og:image\" content=\"https:\/\/scienceblog.com\/horizon\/wp-content\/uploads\/sites\/4\/2020\/11\/1024px-Vaccine.jpg\" \/>\n\t<meta property=\"og:image:width\" content=\"1024\" \/>\n\t<meta property=\"og:image:height\" content=\"731\" \/>\n\t<meta property=\"og:image:type\" content=\"image\/jpeg\" \/>\n<meta name=\"author\" content=\"Richard Gray\" \/>\n<meta name=\"twitter:card\" content=\"summary_large_image\" \/>\n<meta name=\"twitter:label1\" content=\"Written by\" \/>\n\t<meta name=\"twitter:data1\" content=\"Richard Gray\" \/>\n\t<meta name=\"twitter:label2\" content=\"Est. reading time\" \/>\n\t<meta name=\"twitter:data2\" content=\"8 minutes\" \/>\n<script type=\"application\/ld+json\" class=\"yoast-schema-graph\">{\"@context\":\"https:\\\/\\\/schema.org\",\"@graph\":[{\"@type\":\"Article\",\"@id\":\"https:\\\/\\\/scienceblog.com\\\/horizon\\\/1490\\\/qa-talking-about-the-race-for-a-coronavirus-vaccine-could-reduce-public-confidence\\\/#article\",\"isPartOf\":{\"@id\":\"https:\\\/\\\/scienceblog.com\\\/horizon\\\/1490\\\/qa-talking-about-the-race-for-a-coronavirus-vaccine-could-reduce-public-confidence\\\/\"},\"author\":{\"name\":\"Richard Gray\",\"@id\":\"https:\\\/\\\/scienceblog.com\\\/horizon\\\/#\\\/schema\\\/person\\\/042c9393ea152c13c0b8b9ba82055602\"},\"headline\":\"Q&amp;A: Talking about the \u2018race\u2019 for a coronavirus vaccine could reduce public confidence\",\"datePublished\":\"2020-11-16T13:27:00+00:00\",\"dateModified\":\"2020-11-16T13:27:48+00:00\",\"mainEntityOfPage\":{\"@id\":\"https:\\\/\\\/scienceblog.com\\\/horizon\\\/1490\\\/qa-talking-about-the-race-for-a-coronavirus-vaccine-could-reduce-public-confidence\\\/\"},\"wordCount\":1628,\"publisher\":{\"@id\":\"https:\\\/\\\/scienceblog.com\\\/horizon\\\/#organization\"},\"image\":{\"@id\":\"https:\\\/\\\/scienceblog.com\\\/horizon\\\/1490\\\/qa-talking-about-the-race-for-a-coronavirus-vaccine-could-reduce-public-confidence\\\/#primaryimage\"},\"thumbnailUrl\":\"https:\\\/\\\/scienceblog.com\\\/horizon\\\/wp-content\\\/uploads\\\/sites\\\/4\\\/2020\\\/11\\\/1024px-Vaccine.jpg\",\"articleSection\":[\"Health\"],\"inLanguage\":\"en-US\",\"copyrightYear\":\"2020\",\"copyrightHolder\":{\"@id\":\"https:\\\/\\\/scienceblog.com\\\/#organization\"}},{\"@type\":\"WebPage\",\"@id\":\"https:\\\/\\\/scienceblog.com\\\/horizon\\\/1490\\\/qa-talking-about-the-race-for-a-coronavirus-vaccine-could-reduce-public-confidence\\\/\",\"url\":\"https:\\\/\\\/scienceblog.com\\\/horizon\\\/1490\\\/qa-talking-about-the-race-for-a-coronavirus-vaccine-could-reduce-public-confidence\\\/\",\"name\":\"Q&amp;A: Talking about the \u2018race\u2019 for a coronavirus vaccine could reduce public confidence - Horizon Magazine Blog\",\"isPartOf\":{\"@id\":\"https:\\\/\\\/scienceblog.com\\\/horizon\\\/#website\"},\"primaryImageOfPage\":{\"@id\":\"https:\\\/\\\/scienceblog.com\\\/horizon\\\/1490\\\/qa-talking-about-the-race-for-a-coronavirus-vaccine-could-reduce-public-confidence\\\/#primaryimage\"},\"image\":{\"@id\":\"https:\\\/\\\/scienceblog.com\\\/horizon\\\/1490\\\/qa-talking-about-the-race-for-a-coronavirus-vaccine-could-reduce-public-confidence\\\/#primaryimage\"},\"thumbnailUrl\":\"https:\\\/\\\/scienceblog.com\\\/horizon\\\/wp-content\\\/uploads\\\/sites\\\/4\\\/2020\\\/11\\\/1024px-Vaccine.jpg\",\"datePublished\":\"2020-11-16T13:27:00+00:00\",\"dateModified\":\"2020-11-16T13:27:48+00:00\",\"breadcrumb\":{\"@id\":\"https:\\\/\\\/scienceblog.com\\\/horizon\\\/1490\\\/qa-talking-about-the-race-for-a-coronavirus-vaccine-could-reduce-public-confidence\\\/#breadcrumb\"},\"inLanguage\":\"en-US\",\"potentialAction\":[{\"@type\":\"ReadAction\",\"target\":[\"https:\\\/\\\/scienceblog.com\\\/horizon\\\/1490\\\/qa-talking-about-the-race-for-a-coronavirus-vaccine-could-reduce-public-confidence\\\/\"]}]},{\"@type\":\"ImageObject\",\"inLanguage\":\"en-US\",\"@id\":\"https:\\\/\\\/scienceblog.com\\\/horizon\\\/1490\\\/qa-talking-about-the-race-for-a-coronavirus-vaccine-could-reduce-public-confidence\\\/#primaryimage\",\"url\":\"https:\\\/\\\/scienceblog.com\\\/horizon\\\/wp-content\\\/uploads\\\/sites\\\/4\\\/2020\\\/11\\\/1024px-Vaccine.jpg\",\"contentUrl\":\"https:\\\/\\\/scienceblog.com\\\/horizon\\\/wp-content\\\/uploads\\\/sites\\\/4\\\/2020\\\/11\\\/1024px-Vaccine.jpg\",\"width\":1024,\"height\":731,\"caption\":\"People\u2019s willingness to have a vaccine changes depending on how at risk they feel, says anthropologist Heidi Larson.\"},{\"@type\":\"BreadcrumbList\",\"@id\":\"https:\\\/\\\/scienceblog.com\\\/horizon\\\/1490\\\/qa-talking-about-the-race-for-a-coronavirus-vaccine-could-reduce-public-confidence\\\/#breadcrumb\",\"itemListElement\":[{\"@type\":\"ListItem\",\"position\":1,\"name\":\"Home\",\"item\":\"https:\\\/\\\/scienceblog.com\\\/horizon\\\/\"},{\"@type\":\"ListItem\",\"position\":2,\"name\":\"Q&amp;A: Talking about the \u2018race\u2019 for a coronavirus vaccine could reduce public confidence\"}]},{\"@type\":\"WebSite\",\"@id\":\"https:\\\/\\\/scienceblog.com\\\/horizon\\\/#website\",\"url\":\"https:\\\/\\\/scienceblog.com\\\/horizon\\\/\",\"name\":\"Horizon Magazine Blog\",\"description\":\"The EU Research &amp; Innovation Magazine\",\"publisher\":{\"@id\":\"https:\\\/\\\/scienceblog.com\\\/horizon\\\/#organization\"},\"potentialAction\":[{\"@type\":\"SearchAction\",\"target\":{\"@type\":\"EntryPoint\",\"urlTemplate\":\"https:\\\/\\\/scienceblog.com\\\/horizon\\\/?s={search_term_string}\"},\"query-input\":{\"@type\":\"PropertyValueSpecification\",\"valueRequired\":true,\"valueName\":\"search_term_string\"}}],\"inLanguage\":\"en-US\"},{\"@type\":\"Organization\",\"@id\":\"https:\\\/\\\/scienceblog.com\\\/horizon\\\/#organization\",\"name\":\"Horizon Magazine Blog\",\"url\":\"https:\\\/\\\/scienceblog.com\\\/horizon\\\/\",\"logo\":{\"@type\":\"ImageObject\",\"inLanguage\":\"en-US\",\"@id\":\"https:\\\/\\\/scienceblog.com\\\/horizon\\\/#\\\/schema\\\/logo\\\/image\\\/\",\"url\":\"https:\\\/\\\/scienceblog.com\\\/horizon\\\/wp-content\\\/uploads\\\/sites\\\/4\\\/2026\\\/04\\\/eu-logo.jpg\",\"contentUrl\":\"https:\\\/\\\/scienceblog.com\\\/horizon\\\/wp-content\\\/uploads\\\/sites\\\/4\\\/2026\\\/04\\\/eu-logo.jpg\",\"width\":601,\"height\":283,\"caption\":\"Horizon Magazine Blog\"},\"image\":{\"@id\":\"https:\\\/\\\/scienceblog.com\\\/horizon\\\/#\\\/schema\\\/logo\\\/image\\\/\"}},{\"@type\":\"Person\",\"@id\":\"https:\\\/\\\/scienceblog.com\\\/horizon\\\/#\\\/schema\\\/person\\\/042c9393ea152c13c0b8b9ba82055602\",\"name\":\"Richard Gray\",\"image\":{\"@type\":\"ImageObject\",\"inLanguage\":\"en-US\",\"@id\":\"https:\\\/\\\/secure.gravatar.com\\\/avatar\\\/0fb7fc92c5bb1fcd60351c743b49fd95f24fb8e4a238bab4922f42709dcbd847?s=96&d=mm&r=g\",\"url\":\"https:\\\/\\\/secure.gravatar.com\\\/avatar\\\/0fb7fc92c5bb1fcd60351c743b49fd95f24fb8e4a238bab4922f42709dcbd847?s=96&d=mm&r=g\",\"contentUrl\":\"https:\\\/\\\/secure.gravatar.com\\\/avatar\\\/0fb7fc92c5bb1fcd60351c743b49fd95f24fb8e4a238bab4922f42709dcbd847?s=96&d=mm&r=g\",\"caption\":\"Richard Gray\"},\"url\":\"https:\\\/\\\/scienceblog.com\\\/horizon\\\/author\\\/richardgray\\\/\"}]}<\/script>\n<!-- \/ Yoast SEO Premium plugin. -->","yoast_head_json":{"title":"Q&amp;A: Talking about the \u2018race\u2019 for a coronavirus vaccine could reduce public confidence - Horizon Magazine Blog","robots":{"index":"index","follow":"follow","max-snippet":"max-snippet:-1","max-image-preview":"max-image-preview:large","max-video-preview":"max-video-preview:-1"},"canonical":"https:\/\/scienceblog.com\/horizon\/1490\/qa-talking-about-the-race-for-a-coronavirus-vaccine-could-reduce-public-confidence\/","og_locale":"en_US","og_type":"article","og_title":"Q&amp;A: Talking about the \u2018race\u2019 for a coronavirus vaccine could reduce public confidence","og_description":"Efforts to achieve herd immunity against Covid-19 with a vaccine could be hampered by low levels of confidence in immunisation programs in some European countries, warns Professor Heidi Larson, director of the\u00a0Vaccine Confidence Project\u00a0and an anthropologist at the London School of Hygiene &amp; Tropical Medicine, in the UK. Surveys conducted by the project during the ... Read more","og_url":"https:\/\/scienceblog.com\/horizon\/1490\/qa-talking-about-the-race-for-a-coronavirus-vaccine-could-reduce-public-confidence\/","og_site_name":"Horizon Magazine Blog","article_published_time":"2020-11-16T13:27:00+00:00","article_modified_time":"2020-11-16T13:27:48+00:00","og_image":[{"width":1024,"height":731,"url":"https:\/\/scienceblog.com\/horizon\/wp-content\/uploads\/sites\/4\/2020\/11\/1024px-Vaccine.jpg","type":"image\/jpeg"}],"author":"Richard Gray","twitter_card":"summary_large_image","twitter_misc":{"Written by":"Richard Gray","Est. reading time":"8 minutes"},"schema":{"@context":"https:\/\/schema.org","@graph":[{"@type":"Article","@id":"https:\/\/scienceblog.com\/horizon\/1490\/qa-talking-about-the-race-for-a-coronavirus-vaccine-could-reduce-public-confidence\/#article","isPartOf":{"@id":"https:\/\/scienceblog.com\/horizon\/1490\/qa-talking-about-the-race-for-a-coronavirus-vaccine-could-reduce-public-confidence\/"},"author":{"name":"Richard Gray","@id":"https:\/\/scienceblog.com\/horizon\/#\/schema\/person\/042c9393ea152c13c0b8b9ba82055602"},"headline":"Q&amp;A: Talking about the \u2018race\u2019 for a coronavirus vaccine could reduce public confidence","datePublished":"2020-11-16T13:27:00+00:00","dateModified":"2020-11-16T13:27:48+00:00","mainEntityOfPage":{"@id":"https:\/\/scienceblog.com\/horizon\/1490\/qa-talking-about-the-race-for-a-coronavirus-vaccine-could-reduce-public-confidence\/"},"wordCount":1628,"publisher":{"@id":"https:\/\/scienceblog.com\/horizon\/#organization"},"image":{"@id":"https:\/\/scienceblog.com\/horizon\/1490\/qa-talking-about-the-race-for-a-coronavirus-vaccine-could-reduce-public-confidence\/#primaryimage"},"thumbnailUrl":"https:\/\/scienceblog.com\/horizon\/wp-content\/uploads\/sites\/4\/2020\/11\/1024px-Vaccine.jpg","articleSection":["Health"],"inLanguage":"en-US","copyrightYear":"2020","copyrightHolder":{"@id":"https:\/\/scienceblog.com\/#organization"}},{"@type":"WebPage","@id":"https:\/\/scienceblog.com\/horizon\/1490\/qa-talking-about-the-race-for-a-coronavirus-vaccine-could-reduce-public-confidence\/","url":"https:\/\/scienceblog.com\/horizon\/1490\/qa-talking-about-the-race-for-a-coronavirus-vaccine-could-reduce-public-confidence\/","name":"Q&amp;A: Talking about the \u2018race\u2019 for a coronavirus vaccine could reduce public confidence - Horizon Magazine Blog","isPartOf":{"@id":"https:\/\/scienceblog.com\/horizon\/#website"},"primaryImageOfPage":{"@id":"https:\/\/scienceblog.com\/horizon\/1490\/qa-talking-about-the-race-for-a-coronavirus-vaccine-could-reduce-public-confidence\/#primaryimage"},"image":{"@id":"https:\/\/scienceblog.com\/horizon\/1490\/qa-talking-about-the-race-for-a-coronavirus-vaccine-could-reduce-public-confidence\/#primaryimage"},"thumbnailUrl":"https:\/\/scienceblog.com\/horizon\/wp-content\/uploads\/sites\/4\/2020\/11\/1024px-Vaccine.jpg","datePublished":"2020-11-16T13:27:00+00:00","dateModified":"2020-11-16T13:27:48+00:00","breadcrumb":{"@id":"https:\/\/scienceblog.com\/horizon\/1490\/qa-talking-about-the-race-for-a-coronavirus-vaccine-could-reduce-public-confidence\/#breadcrumb"},"inLanguage":"en-US","potentialAction":[{"@type":"ReadAction","target":["https:\/\/scienceblog.com\/horizon\/1490\/qa-talking-about-the-race-for-a-coronavirus-vaccine-could-reduce-public-confidence\/"]}]},{"@type":"ImageObject","inLanguage":"en-US","@id":"https:\/\/scienceblog.com\/horizon\/1490\/qa-talking-about-the-race-for-a-coronavirus-vaccine-could-reduce-public-confidence\/#primaryimage","url":"https:\/\/scienceblog.com\/horizon\/wp-content\/uploads\/sites\/4\/2020\/11\/1024px-Vaccine.jpg","contentUrl":"https:\/\/scienceblog.com\/horizon\/wp-content\/uploads\/sites\/4\/2020\/11\/1024px-Vaccine.jpg","width":1024,"height":731,"caption":"People\u2019s willingness to have a vaccine changes depending on how at risk they feel, says anthropologist Heidi Larson."},{"@type":"BreadcrumbList","@id":"https:\/\/scienceblog.com\/horizon\/1490\/qa-talking-about-the-race-for-a-coronavirus-vaccine-could-reduce-public-confidence\/#breadcrumb","itemListElement":[{"@type":"ListItem","position":1,"name":"Home","item":"https:\/\/scienceblog.com\/horizon\/"},{"@type":"ListItem","position":2,"name":"Q&amp;A: Talking about the \u2018race\u2019 for a coronavirus vaccine could reduce public confidence"}]},{"@type":"WebSite","@id":"https:\/\/scienceblog.com\/horizon\/#website","url":"https:\/\/scienceblog.com\/horizon\/","name":"Horizon Magazine Blog","description":"The EU Research &amp; Innovation Magazine","publisher":{"@id":"https:\/\/scienceblog.com\/horizon\/#organization"},"potentialAction":[{"@type":"SearchAction","target":{"@type":"EntryPoint","urlTemplate":"https:\/\/scienceblog.com\/horizon\/?s={search_term_string}"},"query-input":{"@type":"PropertyValueSpecification","valueRequired":true,"valueName":"search_term_string"}}],"inLanguage":"en-US"},{"@type":"Organization","@id":"https:\/\/scienceblog.com\/horizon\/#organization","name":"Horizon Magazine Blog","url":"https:\/\/scienceblog.com\/horizon\/","logo":{"@type":"ImageObject","inLanguage":"en-US","@id":"https:\/\/scienceblog.com\/horizon\/#\/schema\/logo\/image\/","url":"https:\/\/scienceblog.com\/horizon\/wp-content\/uploads\/sites\/4\/2026\/04\/eu-logo.jpg","contentUrl":"https:\/\/scienceblog.com\/horizon\/wp-content\/uploads\/sites\/4\/2026\/04\/eu-logo.jpg","width":601,"height":283,"caption":"Horizon Magazine Blog"},"image":{"@id":"https:\/\/scienceblog.com\/horizon\/#\/schema\/logo\/image\/"}},{"@type":"Person","@id":"https:\/\/scienceblog.com\/horizon\/#\/schema\/person\/042c9393ea152c13c0b8b9ba82055602","name":"Richard Gray","image":{"@type":"ImageObject","inLanguage":"en-US","@id":"https:\/\/secure.gravatar.com\/avatar\/0fb7fc92c5bb1fcd60351c743b49fd95f24fb8e4a238bab4922f42709dcbd847?s=96&d=mm&r=g","url":"https:\/\/secure.gravatar.com\/avatar\/0fb7fc92c5bb1fcd60351c743b49fd95f24fb8e4a238bab4922f42709dcbd847?s=96&d=mm&r=g","contentUrl":"https:\/\/secure.gravatar.com\/avatar\/0fb7fc92c5bb1fcd60351c743b49fd95f24fb8e4a238bab4922f42709dcbd847?s=96&d=mm&r=g","caption":"Richard Gray"},"url":"https:\/\/scienceblog.com\/horizon\/author\/richardgray\/"}]}},"jetpack_featured_media_url":"https:\/\/scienceblog.com\/horizon\/wp-content\/uploads\/sites\/4\/2020\/11\/1024px-Vaccine.jpg","jetpack_shortlink":"https:\/\/wp.me\/pgtNKV-o2","jetpack_sharing_enabled":true,"jetpack-related-posts":[{"id":1594,"url":"https:\/\/scienceblog.com\/horizon\/1594\/five-things-you-need-to-know-about-delaying-the-gap-between-covid-19-vaccine-doses\/","url_meta":{"origin":1490,"position":0},"title":"Five things you need to know about: Delaying the gap between Covid-19 vaccine doses","author":"Horizon Magazine","date":"January 22, 2021","format":false,"excerpt":"As the first coronavirus vaccines started to be rolled out at the end of a tumultuous 2020, UK officials unexpectedly endorsed\u00a0stretching the gap between the first and second vaccine dose by up to three months\u00a0\u2013 an approach\u00a0also considered by other countries. The rationale is that, with the virus raging alongside\u2026","rel":"","context":"In &quot;Health&quot;","block_context":{"text":"Health","link":"https:\/\/scienceblog.com\/horizon\/category\/health\/"},"img":{"alt_text":"","src":"https:\/\/i0.wp.com\/scienceblog.com\/horizon\/wp-content\/uploads\/sites\/4\/2021\/01\/1024px-Pfizer-BioNTech_COVID-19_vaccine_2020_F.jpg?resize=350%2C200&ssl=1","width":350,"height":200,"srcset":"https:\/\/i0.wp.com\/scienceblog.com\/horizon\/wp-content\/uploads\/sites\/4\/2021\/01\/1024px-Pfizer-BioNTech_COVID-19_vaccine_2020_F.jpg?resize=350%2C200&ssl=1 1x, https:\/\/i0.wp.com\/scienceblog.com\/horizon\/wp-content\/uploads\/sites\/4\/2021\/01\/1024px-Pfizer-BioNTech_COVID-19_vaccine_2020_F.jpg?resize=525%2C300&ssl=1 1.5x, https:\/\/i0.wp.com\/scienceblog.com\/horizon\/wp-content\/uploads\/sites\/4\/2021\/01\/1024px-Pfizer-BioNTech_COVID-19_vaccine_2020_F.jpg?resize=700%2C400&ssl=1 2x"},"classes":[]},{"id":254,"url":"https:\/\/scienceblog.com\/horizon\/254\/rise-in-vaccine-hesitancy-related-to-pursuit-of-purity-prof-heidi-larson\/","url_meta":{"origin":1490,"position":1},"title":"Rise in vaccine hesitancy related to pursuit of purity \u2013 Prof. Heidi Larson","author":"Gary Finnegan","date":"April 26, 2018","format":false,"excerpt":"The rise of alternative health practices and a quest for purity can partly explain the falling confidence in vaccines which is driving outbreaks of preventable diseases such as measles, according to Heidi Larson, professor of anthropology, risk and decision medicine at the UK\u2019s London School of Hygiene & Tropical Medicine.\u2026","rel":"","context":"In &quot;Health&quot;","block_context":{"text":"Health","link":"https:\/\/scienceblog.com\/horizon\/category\/health\/"},"img":{"alt_text":"Europe is the most sceptical region in the world when it comes to vaccines, according to the vaccine confidence index.","src":"https:\/\/i0.wp.com\/scienceblog.com\/horizon\/wp-content\/uploads\/sites\/4\/2018\/04\/vaccinebottles.jpg?resize=350%2C200&ssl=1","width":350,"height":200,"srcset":"https:\/\/i0.wp.com\/scienceblog.com\/horizon\/wp-content\/uploads\/sites\/4\/2018\/04\/vaccinebottles.jpg?resize=350%2C200&ssl=1 1x, https:\/\/i0.wp.com\/scienceblog.com\/horizon\/wp-content\/uploads\/sites\/4\/2018\/04\/vaccinebottles.jpg?resize=525%2C300&ssl=1 1.5x, https:\/\/i0.wp.com\/scienceblog.com\/horizon\/wp-content\/uploads\/sites\/4\/2018\/04\/vaccinebottles.jpg?resize=700%2C400&ssl=1 2x, https:\/\/i0.wp.com\/scienceblog.com\/horizon\/wp-content\/uploads\/sites\/4\/2018\/04\/vaccinebottles.jpg?resize=1050%2C600&ssl=1 3x, https:\/\/i0.wp.com\/scienceblog.com\/horizon\/wp-content\/uploads\/sites\/4\/2018\/04\/vaccinebottles.jpg?resize=1400%2C800&ssl=1 4x"},"classes":[]},{"id":1500,"url":"https:\/\/scienceblog.com\/horizon\/1500\/qa-how-vaccines-can-strengthen-immune-response-beyond-a-specific-disease\/","url_meta":{"origin":1490,"position":2},"title":"Q&amp;A: How vaccines can strengthen immune response beyond a specific disease","author":"Horizon Magazine","date":"November 25, 2020","format":false,"excerpt":"Live vaccines can give health effects beyond just protecting us from a specific disease and may even help us combat other infections such as Covid-19, according to Christine Stabell Benn, a professor in global health at the University of Southern Denmark. We often think about vaccines protecting us against a\u2026","rel":"","context":"In &quot;Health&quot;","block_context":{"text":"Health","link":"https:\/\/scienceblog.com\/horizon\/category\/health\/"},"img":{"alt_text":"","src":"https:\/\/i0.wp.com\/scienceblog.com\/horizon\/wp-content\/uploads\/sites\/4\/2020\/11\/kid-vaccine-sm.jpg?resize=350%2C200&ssl=1","width":350,"height":200,"srcset":"https:\/\/i0.wp.com\/scienceblog.com\/horizon\/wp-content\/uploads\/sites\/4\/2020\/11\/kid-vaccine-sm.jpg?resize=350%2C200&ssl=1 1x, https:\/\/i0.wp.com\/scienceblog.com\/horizon\/wp-content\/uploads\/sites\/4\/2020\/11\/kid-vaccine-sm.jpg?resize=525%2C300&ssl=1 1.5x, https:\/\/i0.wp.com\/scienceblog.com\/horizon\/wp-content\/uploads\/sites\/4\/2020\/11\/kid-vaccine-sm.jpg?resize=700%2C400&ssl=1 2x, https:\/\/i0.wp.com\/scienceblog.com\/horizon\/wp-content\/uploads\/sites\/4\/2020\/11\/kid-vaccine-sm.jpg?resize=1050%2C600&ssl=1 3x"},"classes":[]},{"id":1716,"url":"https:\/\/scienceblog.com\/horizon\/1716\/five-things-to-know-about-mixing-and-matching-coronavirus-vaccines\/","url_meta":{"origin":1490,"position":3},"title":"Five things to know about: Mixing and matching coronavirus vaccines","author":"Horizon Magazine","date":"May 5, 2021","format":false,"excerpt":"Amid global vaccine rollouts, with\u00a0nearly\u00a01.2 billion\u00a0doses currently administered, some countries have recommended a mixed-dose approach where a first prime shot is followed by a booster of a second type.\u00a0 The measure has been introduced by\u00a0France\u00a0and\u00a0Germany\u00a0for people who received a first dose of the AstraZeneca vaccine but are in age groups\u2026","rel":"","context":"In &quot;Health&quot;","block_context":{"text":"Health","link":"https:\/\/scienceblog.com\/horizon\/category\/health\/"},"img":{"alt_text":"","src":"https:\/\/i0.wp.com\/scienceblog.com\/horizon\/wp-content\/uploads\/sites\/4\/2021\/05\/julia-koblitz-6u8SbtZ0q1c-unsplash-scaled.jpg?resize=350%2C200&ssl=1","width":350,"height":200,"srcset":"https:\/\/i0.wp.com\/scienceblog.com\/horizon\/wp-content\/uploads\/sites\/4\/2021\/05\/julia-koblitz-6u8SbtZ0q1c-unsplash-scaled.jpg?resize=350%2C200&ssl=1 1x, https:\/\/i0.wp.com\/scienceblog.com\/horizon\/wp-content\/uploads\/sites\/4\/2021\/05\/julia-koblitz-6u8SbtZ0q1c-unsplash-scaled.jpg?resize=525%2C300&ssl=1 1.5x, https:\/\/i0.wp.com\/scienceblog.com\/horizon\/wp-content\/uploads\/sites\/4\/2021\/05\/julia-koblitz-6u8SbtZ0q1c-unsplash-scaled.jpg?resize=700%2C400&ssl=1 2x, https:\/\/i0.wp.com\/scienceblog.com\/horizon\/wp-content\/uploads\/sites\/4\/2021\/05\/julia-koblitz-6u8SbtZ0q1c-unsplash-scaled.jpg?resize=1050%2C600&ssl=1 3x, https:\/\/i0.wp.com\/scienceblog.com\/horizon\/wp-content\/uploads\/sites\/4\/2021\/05\/julia-koblitz-6u8SbtZ0q1c-unsplash-scaled.jpg?resize=1400%2C800&ssl=1 4x"},"classes":[]},{"id":1523,"url":"https:\/\/scienceblog.com\/horizon\/1523\/five-things-you-need-to-know-about-mrna-vaccine-safety\/","url_meta":{"origin":1490,"position":4},"title":"Five things you need to know about: mRNA vaccine safety","author":"Horizon Magazine","date":"December 11, 2020","format":false,"excerpt":"The world\u2019s first mRNA vaccine has\u00a0begun its rollout\u00a0after being produced at unprecedented speed as part of the global effort to end the Covid-19 pandemic. A second one is hot on its heels. The two \u2013 one made by Pfizer\/BioNTech and the other by Moderna \u2013 mark the first time this\u2026","rel":"","context":"In &quot;Health&quot;","block_context":{"text":"Health","link":"https:\/\/scienceblog.com\/horizon\/category\/health\/"},"img":{"alt_text":"","src":"https:\/\/i0.wp.com\/scienceblog.com\/horizon\/wp-content\/uploads\/sites\/4\/2020\/12\/ChildVaccine.jpg?resize=350%2C200&ssl=1","width":350,"height":200,"srcset":"https:\/\/i0.wp.com\/scienceblog.com\/horizon\/wp-content\/uploads\/sites\/4\/2020\/12\/ChildVaccine.jpg?resize=350%2C200&ssl=1 1x, https:\/\/i0.wp.com\/scienceblog.com\/horizon\/wp-content\/uploads\/sites\/4\/2020\/12\/ChildVaccine.jpg?resize=525%2C300&ssl=1 1.5x, https:\/\/i0.wp.com\/scienceblog.com\/horizon\/wp-content\/uploads\/sites\/4\/2020\/12\/ChildVaccine.jpg?resize=700%2C400&ssl=1 2x, https:\/\/i0.wp.com\/scienceblog.com\/horizon\/wp-content\/uploads\/sites\/4\/2020\/12\/ChildVaccine.jpg?resize=1050%2C600&ssl=1 3x"},"classes":[]},{"id":1690,"url":"https:\/\/scienceblog.com\/horizon\/1690\/qa-biontech-vaccine-is-only-mrna-1-0-this-is-just-the-beginning-say-co-founders\/","url_meta":{"origin":1490,"position":5},"title":"Q&amp;A: BioNTech vaccine is only \u2018mRNA 1.0\u2019. This is just the beginning, say co-founders","author":"Joanna Roberts","date":"April 8, 2021","format":false,"excerpt":"The successful development of\u00a0mRNA vaccines\u00a0for Covid-19 is \u2018transformational\u2019 and opens the doors to new types of vaccines for other infectious diseases as well as cancer, according to Dr \u00d6zlem T\u00fcreci and Dr U\u011fur \u015eahin, the co-founders of Germany\u2019s BioNTech. The main question, they say, is which vaccine to prioritise first.\u2026","rel":"","context":"In &quot;Health&quot;","block_context":{"text":"Health","link":"https:\/\/scienceblog.com\/horizon\/category\/health\/"},"img":{"alt_text":"","src":"https:\/\/i0.wp.com\/scienceblog.com\/horizon\/wp-content\/uploads\/sites\/4\/2021\/04\/Montage1.jpg?resize=350%2C200&ssl=1","width":350,"height":200,"srcset":"https:\/\/i0.wp.com\/scienceblog.com\/horizon\/wp-content\/uploads\/sites\/4\/2021\/04\/Montage1.jpg?resize=350%2C200&ssl=1 1x, https:\/\/i0.wp.com\/scienceblog.com\/horizon\/wp-content\/uploads\/sites\/4\/2021\/04\/Montage1.jpg?resize=525%2C300&ssl=1 1.5x, https:\/\/i0.wp.com\/scienceblog.com\/horizon\/wp-content\/uploads\/sites\/4\/2021\/04\/Montage1.jpg?resize=700%2C400&ssl=1 2x"},"classes":[]}],"_links":{"self":[{"href":"https:\/\/scienceblog.com\/horizon\/wp-json\/wp\/v2\/posts\/1490","targetHints":{"allow":["GET"]}}],"collection":[{"href":"https:\/\/scienceblog.com\/horizon\/wp-json\/wp\/v2\/posts"}],"about":[{"href":"https:\/\/scienceblog.com\/horizon\/wp-json\/wp\/v2\/types\/post"}],"author":[{"embeddable":true,"href":"https:\/\/scienceblog.com\/horizon\/wp-json\/wp\/v2\/users\/322"}],"replies":[{"embeddable":true,"href":"https:\/\/scienceblog.com\/horizon\/wp-json\/wp\/v2\/comments?post=1490"}],"version-history":[{"count":0,"href":"https:\/\/scienceblog.com\/horizon\/wp-json\/wp\/v2\/posts\/1490\/revisions"}],"wp:featuredmedia":[{"embeddable":true,"href":"https:\/\/scienceblog.com\/horizon\/wp-json\/wp\/v2\/media\/1491"}],"wp:attachment":[{"href":"https:\/\/scienceblog.com\/horizon\/wp-json\/wp\/v2\/media?parent=1490"}],"wp:term":[{"taxonomy":"category","embeddable":true,"href":"https:\/\/scienceblog.com\/horizon\/wp-json\/wp\/v2\/categories?post=1490"},{"taxonomy":"post_tag","embeddable":true,"href":"https:\/\/scienceblog.com\/horizon\/wp-json\/wp\/v2\/tags?post=1490"}],"curies":[{"name":"wp","href":"https:\/\/api.w.org\/{rel}","templated":true}]}}